 {"id":12028,"date":"2019-09-13T07:25:27","date_gmt":"2019-09-13T06:25:27","guid":{"rendered":"http:\/\/rugbyhospitalet.cat\/?p=12028"},"modified":"2019-09-13T07:25:27","modified_gmt":"2019-09-13T06:25:27","slug":"fundacion-alba-perez-i-la-flama-continuen-la-seva-collaboracio-amb-lhospi","status":"publish","type":"post","link":"https:\/\/rugbyhospitalet.cat\/index.php\/fundacion-alba-perez-i-la-flama-continuen-la-seva-collaboracio-amb-lhospi\/","title":{"rendered":"Fundaci\u00f3n Alba P\u00e9rez i La Flama continuen la seva col\u00b7laboraci\u00f3 amb L&#8217;Hospi."},"content":{"rendered":"<h6>EL RUGBY CLUB L\u2019HOSPITALET I LA FUNDACI\u00d3N ALBA P\u00c9REZ CONTRA EL C\u00c0NCER INFANTIL<\/h6>\n<p>Ahir al vespre, a les oficines del RC L\u2019Hospitalet, es va formalitzar un nou conveni de col\u00b7laboraci\u00f3 entre el Rugby Club L\u2019Hospitalet i la <a href=\"http:\/\/www.fundacioalbaperez.org\/\">Fundaci\u00f3n Alba P\u00e9rez,<\/a>\u00a0dedicada al finan\u00e7ament de beques controlades que lluiten contra el c\u00e0ncer infantil i que ja estan donant resultats molt prometedors en el laboratori.<\/p>\n<p>Els dos presidents, <strong>Dom\u00e8nec Rodr\u00edguez<\/strong>\u00a0per part del Rugby Club L\u2019Hospitalet i\u00a0<strong>Rafael P\u00e9rez<\/strong>\u00a0per part de la\u00a0<a href=\"http:\/\/fundacionalbaperez.org\/\">Fundaci\u00f3n Alba P\u00e9rez<\/a>, van valorar molt positivament l&#8217;acord que es va signar la passada temporada per ambdues parts i que ha significat un pas m\u00e9s per al club en l\u2019ajuda i visualitzaci\u00f3 de situacions reals que necessiten d\u2019ella, com el c\u00e0ncer infantil, i que tantes vides de nens i nenes pot salvar si entre tots posem el nostre gra de sorra.<\/p>\n<p>La visualitzaci\u00f3 de la\u00a0 <a href=\"http:\/\/fundacionalbaperez.org\/\">Fundaci\u00f3n Alba P\u00e9rez<\/a>, que l&#8217;any passat es va fer present amb el seu logotip als pantalons dels equips s\u00e8niors que militen a la Divisi\u00f3 d\u2019Honor de la <a href=\"http:\/\/ferugby.es\/\">FER<\/a> aquest any es veu incrementada i lluir\u00e0 a les equipacions de totes les categories, des de DHB i DHF fins a l&#8217;Escola.<\/p>\n<table style=\"border-collapse: collapse; width: 100%;\">\n<tbody>\n<tr>\n<td style=\"width: 33.3333%;\"><a href=\"http:\/\/rugbyhospitalet.cat\/wp-content\/uploads\/2019\/09\/IMG-20190912-WA0032.jpg\"><img loading=\"lazy\" decoding=\"async\" class=\"aligncenter  wp-image-12029\" src=\"http:\/\/rugbyhospitalet.cat\/wp-content\/uploads\/2019\/09\/IMG-20190912-WA0032-1024x576.jpg\" alt=\"\" width=\"179\" height=\"101\" data-wp-pid=\"12029\" srcset=\"https:\/\/rugbyhospitalet.cat\/wp-content\/uploads\/2019\/09\/IMG-20190912-WA0032-1024x576.jpg 1024w, https:\/\/rugbyhospitalet.cat\/wp-content\/uploads\/2019\/09\/IMG-20190912-WA0032-300x169.jpg 300w, https:\/\/rugbyhospitalet.cat\/wp-content\/uploads\/2019\/09\/IMG-20190912-WA0032-768x432.jpg 768w, https:\/\/rugbyhospitalet.cat\/wp-content\/uploads\/2019\/09\/IMG-20190912-WA0032-800x450.jpg 800w, https:\/\/rugbyhospitalet.cat\/wp-content\/uploads\/2019\/09\/IMG-20190912-WA0032-1200x675.jpg 1200w, https:\/\/rugbyhospitalet.cat\/wp-content\/uploads\/2019\/09\/IMG-20190912-WA0032.jpg 1600w\" sizes=\"(max-width: 179px) 100vw, 179px\" \/><\/a><\/td>\n<td style=\"width: 33.3333%;\"><img loading=\"lazy\" decoding=\"async\" class=\"aligncenter  wp-image-12031\" src=\"http:\/\/rugbyhospitalet.cat\/wp-content\/uploads\/2019\/09\/IMG-20190912-WA0034-1024x576.jpg\" alt=\"\" width=\"179\" height=\"101\" data-wp-pid=\"12031\" srcset=\"https:\/\/rugbyhospitalet.cat\/wp-content\/uploads\/2019\/09\/IMG-20190912-WA0034-1024x576.jpg 1024w, https:\/\/rugbyhospitalet.cat\/wp-content\/uploads\/2019\/09\/IMG-20190912-WA0034-300x169.jpg 300w, https:\/\/rugbyhospitalet.cat\/wp-content\/uploads\/2019\/09\/IMG-20190912-WA0034-768x432.jpg 768w, https:\/\/rugbyhospitalet.cat\/wp-content\/uploads\/2019\/09\/IMG-20190912-WA0034-800x450.jpg 800w, https:\/\/rugbyhospitalet.cat\/wp-content\/uploads\/2019\/09\/IMG-20190912-WA0034-1200x675.jpg 1200w, https:\/\/rugbyhospitalet.cat\/wp-content\/uploads\/2019\/09\/IMG-20190912-WA0034.jpg 1600w\" sizes=\"(max-width: 179px) 100vw, 179px\" \/><\/td>\n<td style=\"width: 33.3333%;\"><img loading=\"lazy\" decoding=\"async\" class=\"aligncenter  wp-image-12030\" src=\"http:\/\/rugbyhospitalet.cat\/wp-content\/uploads\/2019\/09\/IMG-20190912-WA0033-1024x576.jpg\" alt=\"\" width=\"181\" height=\"102\" data-wp-pid=\"12030\" srcset=\"https:\/\/rugbyhospitalet.cat\/wp-content\/uploads\/2019\/09\/IMG-20190912-WA0033-1024x576.jpg 1024w, https:\/\/rugbyhospitalet.cat\/wp-content\/uploads\/2019\/09\/IMG-20190912-WA0033-300x169.jpg 300w, https:\/\/rugbyhospitalet.cat\/wp-content\/uploads\/2019\/09\/IMG-20190912-WA0033-768x432.jpg 768w, https:\/\/rugbyhospitalet.cat\/wp-content\/uploads\/2019\/09\/IMG-20190912-WA0033-800x450.jpg 800w, https:\/\/rugbyhospitalet.cat\/wp-content\/uploads\/2019\/09\/IMG-20190912-WA0033-1200x675.jpg 1200w, https:\/\/rugbyhospitalet.cat\/wp-content\/uploads\/2019\/09\/IMG-20190912-WA0033.jpg 1600w\" sizes=\"(max-width: 181px) 100vw, 181px\" \/><\/td>\n<\/tr>\n<tr>\n<td style=\"width: 33.3333%;\"><img loading=\"lazy\" decoding=\"async\" class=\"aligncenter  wp-image-12032\" src=\"http:\/\/rugbyhospitalet.cat\/wp-content\/uploads\/2019\/09\/IMG-20190912-WA0035-1024x576.jpg\" alt=\"\" width=\"181\" height=\"102\" data-wp-pid=\"12032\" srcset=\"https:\/\/rugbyhospitalet.cat\/wp-content\/uploads\/2019\/09\/IMG-20190912-WA0035-1024x576.jpg 1024w, https:\/\/rugbyhospitalet.cat\/wp-content\/uploads\/2019\/09\/IMG-20190912-WA0035-300x169.jpg 300w, https:\/\/rugbyhospitalet.cat\/wp-content\/uploads\/2019\/09\/IMG-20190912-WA0035-768x432.jpg 768w, https:\/\/rugbyhospitalet.cat\/wp-content\/uploads\/2019\/09\/IMG-20190912-WA0035-800x450.jpg 800w, https:\/\/rugbyhospitalet.cat\/wp-content\/uploads\/2019\/09\/IMG-20190912-WA0035-1200x675.jpg 1200w, https:\/\/rugbyhospitalet.cat\/wp-content\/uploads\/2019\/09\/IMG-20190912-WA0035.jpg 1600w\" sizes=\"(max-width: 181px) 100vw, 181px\" \/><\/td>\n<td style=\"width: 33.3333%;\"><a href=\"http:\/\/rugbyhospitalet.cat\/wp-content\/uploads\/2019\/09\/IMG-20190912-WA0036.jpg\"><img loading=\"lazy\" decoding=\"async\" class=\"aligncenter  wp-image-12033\" src=\"http:\/\/rugbyhospitalet.cat\/wp-content\/uploads\/2019\/09\/IMG-20190912-WA0036-576x1024.jpg\" alt=\"\" width=\"100\" height=\"178\" data-wp-pid=\"12033\" srcset=\"https:\/\/rugbyhospitalet.cat\/wp-content\/uploads\/2019\/09\/IMG-20190912-WA0036-576x1024.jpg 576w, https:\/\/rugbyhospitalet.cat\/wp-content\/uploads\/2019\/09\/IMG-20190912-WA0036-169x300.jpg 169w, https:\/\/rugbyhospitalet.cat\/wp-content\/uploads\/2019\/09\/IMG-20190912-WA0036-768x1365.jpg 768w, https:\/\/rugbyhospitalet.cat\/wp-content\/uploads\/2019\/09\/IMG-20190912-WA0036-800x1422.jpg 800w, https:\/\/rugbyhospitalet.cat\/wp-content\/uploads\/2019\/09\/IMG-20190912-WA0036.jpg 900w\" sizes=\"(max-width: 100px) 100vw, 100px\" \/><\/a><\/td>\n<td style=\"width: 33.3333%;\"><\/td>\n<\/tr>\n<\/tbody>\n<\/table>\n<h6>LA FLAMA COMPROMESA AMB EL RUGBY CLUB L&#8217;HOSPITALET<\/h6>\n<p><a href=\"http:\/\/rugbyhospitalet.cat\/wp-content\/uploads\/2019\/09\/IMG-20190913-WA0000.jpg\"><img loading=\"lazy\" decoding=\"async\" class=\"wp-image-12034 alignleft\" src=\"http:\/\/rugbyhospitalet.cat\/wp-content\/uploads\/2019\/09\/IMG-20190913-WA0000-576x1024.jpg\" alt=\"\" width=\"106\" height=\"189\" data-wp-pid=\"12034\" srcset=\"https:\/\/rugbyhospitalet.cat\/wp-content\/uploads\/2019\/09\/IMG-20190913-WA0000-576x1024.jpg 576w, https:\/\/rugbyhospitalet.cat\/wp-content\/uploads\/2019\/09\/IMG-20190913-WA0000-169x300.jpg 169w, https:\/\/rugbyhospitalet.cat\/wp-content\/uploads\/2019\/09\/IMG-20190913-WA0000-768x1365.jpg 768w, https:\/\/rugbyhospitalet.cat\/wp-content\/uploads\/2019\/09\/IMG-20190913-WA0000.jpg 900w\" sizes=\"(max-width: 106px) 100vw, 106px\" \/><\/a>D&#8217;altra banda, uns dels negocis d&#8217;hosteleria m\u00e9s emblem\u00e0tics de Bellvitge, el <a href=\"http:\/\/www.laflama.net\/\">restaurant La Flama<\/a>, va comunicar al club la seva intenci\u00f3 de continuar donant suport al club mitjan\u00e7ant la renovaci\u00f3 de la publicitat a les tanques existents al club.<\/p>\n<p>&nbsp;<\/p>\n","protected":false},"excerpt":{"rendered":"<p>EL RUGBY CLUB L\u2019HOSPITALET I LA FUNDACI\u00d3N ALBA P\u00c9REZ CONTRA EL C\u00c0NCER INFANTIL Ahir al vespre, a les oficines del RC L\u2019Hospitalet, es va formalitzar un nou conveni de col\u00b7laboraci\u00f3 [&hellip;]<\/p>\n","protected":false},"author":17,"featured_media":0,"comment_status":"open","ping_status":"open","sticky":false,"template":"","format":"standard","meta":{"_et_pb_use_builder":"","_et_pb_old_content":"","_et_gb_content_width":"","_exactmetrics_skip_tracking":false,"footnotes":""},"categories":[1],"tags":[],"class_list":["post-12028","post","type-post","status-publish","format-standard","hentry","category-uncategorized"],"yoast_head":"<!-- This site is optimized with the Yoast SEO plugin v28.4 - https:\/\/yoast.com\/product\/yoast-seo-wordpress\/ -->\n<title>Fundaci\u00f3n Alba P\u00e9rez i La Flama continuen la seva col\u00b7laboraci\u00f3 amb L&#039;Hospi. &#183; Rugby Club L&#039;Hospitalet<\/title>\n<meta name=\"robots\" content=\"index, follow, max-snippet:-1, max-image-preview:large, max-video-preview:-1\" \/>\n<link rel=\"canonical\" href=\"https:\/\/rugbyhospitalet.cat\/index.php\/fundacion-alba-perez-i-la-flama-continuen-la-seva-collaboracio-amb-lhospi\/\" \/>\n<script type=\"application\/ld+json\" class=\"yoast-schema-graph\">{\"@context\":\"https:\\\/\\\/schema.org\",\"@graph\":[{\"@type\":\"BreadcrumbList\",\"@id\":\"https:\\\/\\\/rugbyhospitalet.cat\\\/index.php\\\/fundacion-alba-perez-i-la-flama-continuen-la-seva-collaboracio-amb-lhospi\\\/#breadcrumb\",\"itemListElement\":[{\"@type\":\"ListItem\",\"position\":1,\"name\":\"Inici\",\"item\":\"https:\\\/\\\/rugbyhospitalet.cat\\\/\"},{\"@type\":\"ListItem\",\"position\":2,\"name\":\"Fundaci\u00f3n Alba P\u00e9rez i La Flama continuen la seva col\u00b7laboraci\u00f3 amb L&#8217;Hospi.\"}]}]}<\/script>\n<!-- \/ Yoast SEO plugin. -->","yoast_head_json":{"title":"Fundaci\u00f3n Alba P\u00e9rez i La Flama continuen la seva col\u00b7laboraci\u00f3 amb L'Hospi. &#183; Rugby Club L&#039;Hospitalet","robots":{"index":"index","follow":"follow","max-snippet":"max-snippet:-1","max-image-preview":"max-image-preview:large","max-video-preview":"max-video-preview:-1"},"canonical":"https:\/\/rugbyhospitalet.cat\/index.php\/fundacion-alba-perez-i-la-flama-continuen-la-seva-collaboracio-amb-lhospi\/","schema":{"@context":"https:\/\/schema.org","@graph":[{"@type":"BreadcrumbList","@id":"https:\/\/rugbyhospitalet.cat\/index.php\/fundacion-alba-perez-i-la-flama-continuen-la-seva-collaboracio-amb-lhospi\/#breadcrumb","itemListElement":[{"@type":"ListItem","position":1,"name":"Inici","item":"https:\/\/rugbyhospitalet.cat\/"},{"@type":"ListItem","position":2,"name":"Fundaci\u00f3n Alba P\u00e9rez i La Flama continuen la seva col\u00b7laboraci\u00f3 amb L&#8217;Hospi."}]}]}},"_links":{"self":[{"href":"https:\/\/rugbyhospitalet.cat\/index.php\/wp-json\/wp\/v2\/posts\/12028","targetHints":{"allow":["GET"]}}],"collection":[{"href":"https:\/\/rugbyhospitalet.cat\/index.php\/wp-json\/wp\/v2\/posts"}],"about":[{"href":"https:\/\/rugbyhospitalet.cat\/index.php\/wp-json\/wp\/v2\/types\/post"}],"author":[{"embeddable":true,"href":"https:\/\/rugbyhospitalet.cat\/index.php\/wp-json\/wp\/v2\/users\/17"}],"replies":[{"embeddable":true,"href":"https:\/\/rugbyhospitalet.cat\/index.php\/wp-json\/wp\/v2\/comments?post=12028"}],"version-history":[{"count":2,"href":"https:\/\/rugbyhospitalet.cat\/index.php\/wp-json\/wp\/v2\/posts\/12028\/revisions"}],"predecessor-version":[{"id":12036,"href":"https:\/\/rugbyhospitalet.cat\/index.php\/wp-json\/wp\/v2\/posts\/12028\/revisions\/12036"}],"wp:attachment":[{"href":"https:\/\/rugbyhospitalet.cat\/index.php\/wp-json\/wp\/v2\/media?parent=12028"}],"wp:term":[{"taxonomy":"category","embeddable":true,"href":"https:\/\/rugbyhospitalet.cat\/index.php\/wp-json\/wp\/v2\/categories?post=12028"},{"taxonomy":"post_tag","embeddable":true,"href":"https:\/\/rugbyhospitalet.cat\/index.php\/wp-json\/wp\/v2\/tags?post=12028"}],"curies":[{"name":"wp","href":"https:\/\/api.w.org\/{rel}","templated":true}]}}