 {"id":11823,"date":"2019-06-01T07:19:07","date_gmt":"2019-06-01T06:19:07","guid":{"rendered":"http:\/\/rugbyhospitalet.cat\/?p=11823"},"modified":"2019-06-01T07:19:07","modified_gmt":"2019-06-01T06:19:07","slug":"pablo-arevalo-nou-entrenador-dinef-hospi-i-hospi-inef","status":"publish","type":"post","link":"https:\/\/rugbyhospitalet.cat\/index.php\/pablo-arevalo-nou-entrenador-dinef-hospi-i-hospi-inef\/","title":{"rendered":"Pablo Ar\u00e9valo nou entrenador d&#8217;INEF\/Hospi i Hospi\/INEF"},"content":{"rendered":"<div id=\"attachment_11824\" style=\"width: 213px\" class=\"wp-caption alignleft\"><a href=\"http:\/\/rugbyhospitalet.cat\/wp-content\/uploads\/2019\/05\/199.jpg\"><img loading=\"lazy\" decoding=\"async\" aria-describedby=\"caption-attachment-11824\" class=\"wp-image-11824\" src=\"http:\/\/rugbyhospitalet.cat\/wp-content\/uploads\/2019\/05\/199.jpg\" alt=\"\" width=\"203\" height=\"228\" data-wp-pid=\"11824\" srcset=\"https:\/\/rugbyhospitalet.cat\/wp-content\/uploads\/2019\/05\/199.jpg 800w, https:\/\/rugbyhospitalet.cat\/wp-content\/uploads\/2019\/05\/199-266x300.jpg 266w, https:\/\/rugbyhospitalet.cat\/wp-content\/uploads\/2019\/05\/199-768x866.jpg 768w\" sizes=\"(max-width: 203px) 100vw, 203px\" \/><\/a><p id=\"caption-attachment-11824\" class=\"wp-caption-text\">Pablo Ar\u00e9valo<\/p><\/div>\n<p>A poques hores de que L&#8217;Hospi\/INEF jugui el seu \u00faltim partit de la temporada en la Copa Catalana de 7s i que INEF\/Hospi inicii la segona s\u00e8rie de la Copa de la Reina de 7s el Rugby Club L&#8217;Hospitalet comunica importants novetats per a la marxa de l&#8217;equip la temporada 2019\/2020.<\/p>\n<p>L&#8217;aposta de l&#8217;entitat riberenca per dirigir els equips femenins la propera temporada \u00e9s Pablo Ar\u00e9valo.<\/p>\n<p>Pablo compta amb una dilatada i contrastada experi\u00e8ncia amb prestigi internacional en el m\u00f3n del rugbi femen\u00ed.<\/p>\n<p>Ha estat analista de la selecci\u00f3 espanyola femenina de rugbi XV i rugbi VII.<\/p>\n<p>En l&#8217;\u00e0mbit de clubs, a m\u00e9s de col\u00b7laboracions puntuals en equips de Divisi\u00f3 d&#8217;Honor, ha sigut entrenador del VRAC Quesos Entrepinares\u00a0 en DHB.<\/p>\n<p><a href=\"https:\/\/lh3.googleusercontent.com\/qMr4AMSaPEsFHzPtQfckLfYLWR6qhsUVjqOuIVTTBhLa89wl-peVfnJt6-1GBgiriMjOdkKWOBynD-SISYsEVFaCn4hYjiUQ7pIzwP8RadFybkrVXakEmZCEeJpYwMpNhOnUjg4ibaJhleNXixqXr0HYr-KGZqx6LeAHOENKSoWx3hzayqvjQ1BZSDhc52mVpCAPmhFlULWJwDwsHmpPeZLrDbRQayukfKEF5R6Wtl7Jg5vFXvrTUs2a5auYJDIuiOWbgKKf8bUKdNBfmRgCRlHgAJeiZ9B-Oln4h4W4MwD-HjbTTDuBbh-6ihBQf_Zvqsv2j8LneFB57JripPxfd6aC5C2yPeCFE7uAeDrU3jauAyJjHXSCUfcrYEjkQG32jFC35nJ6sFmpF7JM66vT9X8NZyg5bXZQX35vSo5UhwYMDg3Eh7Sy5MzNTHjLkoS1-c7AvqtJkO7h1xhQ9GT2KlMhlkG2sXP1anw5NTxgLfy69gAUMvkllB2iq3InqjAH6t_yrvZE-nHNQ-XeihoDqq6n3scvl2MF6L8VxyjQ5i6BU3QQL7wU6RFOwEflITQCWyr5MDgrOAp6jgOxNiJyg9RSIIr3zN0vmmGvJ08uzORXlE2PtNMH49fq0AB_607Kbks7TEDx9GV09Z6Ab3w6TJOeWjKQdylHdQ7RnOsIk0EmNfkzLihT5o-KPI7PBYSSGSn8_6Qo8kz_Yn-ykLPddpZD=s250-k-rw-no\"><img loading=\"lazy\" decoding=\"async\" class=\" alignleft\" src=\"https:\/\/lh3.googleusercontent.com\/qMr4AMSaPEsFHzPtQfckLfYLWR6qhsUVjqOuIVTTBhLa89wl-peVfnJt6-1GBgiriMjOdkKWOBynD-SISYsEVFaCn4hYjiUQ7pIzwP8RadFybkrVXakEmZCEeJpYwMpNhOnUjg4ibaJhleNXixqXr0HYr-KGZqx6LeAHOENKSoWx3hzayqvjQ1BZSDhc52mVpCAPmhFlULWJwDwsHmpPeZLrDbRQayukfKEF5R6Wtl7Jg5vFXvrTUs2a5auYJDIuiOWbgKKf8bUKdNBfmRgCRlHgAJeiZ9B-Oln4h4W4MwD-HjbTTDuBbh-6ihBQf_Zvqsv2j8LneFB57JripPxfd6aC5C2yPeCFE7uAeDrU3jauAyJjHXSCUfcrYEjkQG32jFC35nJ6sFmpF7JM66vT9X8NZyg5bXZQX35vSo5UhwYMDg3Eh7Sy5MzNTHjLkoS1-c7AvqtJkO7h1xhQ9GT2KlMhlkG2sXP1anw5NTxgLfy69gAUMvkllB2iq3InqjAH6t_yrvZE-nHNQ-XeihoDqq6n3scvl2MF6L8VxyjQ5i6BU3QQL7wU6RFOwEflITQCWyr5MDgrOAp6jgOxNiJyg9RSIIr3zN0vmmGvJ08uzORXlE2PtNMH49fq0AB_607Kbks7TEDx9GV09Z6Ab3w6TJOeWjKQdylHdQ7RnOsIk0EmNfkzLihT5o-KPI7PBYSSGSn8_6Qo8kz_Yn-ykLPddpZD=s250-k-rw-no\" width=\"209\" height=\"139\" \/><\/a>Durant la temporada 2018\/2019 va portar l&#8217;equip femen\u00ed de la UE Santboiana a la lluita pel t\u00edtol de Divisi\u00f3 d&#8217;Honor Catalana i, a m\u00e9s, ha estat el preparador de les B\u00e8s7ies de la Federaci\u00f3 Catalana de Rugbi.<\/p>\n<p>Ar\u00e9valo substituir\u00e0 a la banqueta a Mar\u00eda Ribera a la que el club vol agra\u00efr tot l&#8217;esfor\u00e7 i dedicaci\u00f3 personal que ha dedicat al projecte per\u00f2 Marib\u00ed ha decidit emprendre nous reptes. Molta sort a tots dos!<\/p>\n<p>&nbsp;<\/p>\n","protected":false},"excerpt":{"rendered":"<p>A poques hores de que L&#8217;Hospi\/INEF jugui el seu \u00faltim partit de la temporada en la Copa Catalana de 7s i que INEF\/Hospi inicii la segona s\u00e8rie de la Copa [&hellip;]<\/p>\n","protected":false},"author":17,"featured_media":0,"comment_status":"open","ping_status":"open","sticky":false,"template":"","format":"standard","meta":{"_et_pb_use_builder":"","_et_pb_old_content":"","_et_gb_content_width":"","_exactmetrics_skip_tracking":false,"footnotes":""},"categories":[1],"tags":[],"class_list":["post-11823","post","type-post","status-publish","format-standard","hentry","category-uncategorized"],"yoast_head":"<!-- This site is optimized with the Yoast SEO plugin v28.4 - https:\/\/yoast.com\/product\/yoast-seo-wordpress\/ -->\n<title>Pablo Ar\u00e9valo nou entrenador d&#039;INEF\/Hospi i Hospi\/INEF &#183; Rugby Club L&#039;Hospitalet<\/title>\n<meta name=\"robots\" content=\"index, follow, max-snippet:-1, max-image-preview:large, max-video-preview:-1\" \/>\n<link rel=\"canonical\" href=\"https:\/\/rugbyhospitalet.cat\/index.php\/pablo-arevalo-nou-entrenador-dinef-hospi-i-hospi-inef\/\" \/>\n<script type=\"application\/ld+json\" class=\"yoast-schema-graph\">{\"@context\":\"https:\\\/\\\/schema.org\",\"@graph\":[{\"@type\":\"BreadcrumbList\",\"@id\":\"https:\\\/\\\/rugbyhospitalet.cat\\\/index.php\\\/pablo-arevalo-nou-entrenador-dinef-hospi-i-hospi-inef\\\/#breadcrumb\",\"itemListElement\":[{\"@type\":\"ListItem\",\"position\":1,\"name\":\"Inici\",\"item\":\"https:\\\/\\\/rugbyhospitalet.cat\\\/\"},{\"@type\":\"ListItem\",\"position\":2,\"name\":\"Pablo Ar\u00e9valo nou entrenador d&#8217;INEF\\\/Hospi i Hospi\\\/INEF\"}]}]}<\/script>\n<!-- \/ Yoast SEO plugin. -->","yoast_head_json":{"title":"Pablo Ar\u00e9valo nou entrenador d'INEF\/Hospi i Hospi\/INEF &#183; Rugby Club L&#039;Hospitalet","robots":{"index":"index","follow":"follow","max-snippet":"max-snippet:-1","max-image-preview":"max-image-preview:large","max-video-preview":"max-video-preview:-1"},"canonical":"https:\/\/rugbyhospitalet.cat\/index.php\/pablo-arevalo-nou-entrenador-dinef-hospi-i-hospi-inef\/","schema":{"@context":"https:\/\/schema.org","@graph":[{"@type":"BreadcrumbList","@id":"https:\/\/rugbyhospitalet.cat\/index.php\/pablo-arevalo-nou-entrenador-dinef-hospi-i-hospi-inef\/#breadcrumb","itemListElement":[{"@type":"ListItem","position":1,"name":"Inici","item":"https:\/\/rugbyhospitalet.cat\/"},{"@type":"ListItem","position":2,"name":"Pablo Ar\u00e9valo nou entrenador d&#8217;INEF\/Hospi i Hospi\/INEF"}]}]}},"_links":{"self":[{"href":"https:\/\/rugbyhospitalet.cat\/index.php\/wp-json\/wp\/v2\/posts\/11823","targetHints":{"allow":["GET"]}}],"collection":[{"href":"https:\/\/rugbyhospitalet.cat\/index.php\/wp-json\/wp\/v2\/posts"}],"about":[{"href":"https:\/\/rugbyhospitalet.cat\/index.php\/wp-json\/wp\/v2\/types\/post"}],"author":[{"embeddable":true,"href":"https:\/\/rugbyhospitalet.cat\/index.php\/wp-json\/wp\/v2\/users\/17"}],"replies":[{"embeddable":true,"href":"https:\/\/rugbyhospitalet.cat\/index.php\/wp-json\/wp\/v2\/comments?post=11823"}],"version-history":[{"count":3,"href":"https:\/\/rugbyhospitalet.cat\/index.php\/wp-json\/wp\/v2\/posts\/11823\/revisions"}],"predecessor-version":[{"id":11827,"href":"https:\/\/rugbyhospitalet.cat\/index.php\/wp-json\/wp\/v2\/posts\/11823\/revisions\/11827"}],"wp:attachment":[{"href":"https:\/\/rugbyhospitalet.cat\/index.php\/wp-json\/wp\/v2\/media?parent=11823"}],"wp:term":[{"taxonomy":"category","embeddable":true,"href":"https:\/\/rugbyhospitalet.cat\/index.php\/wp-json\/wp\/v2\/categories?post=11823"},{"taxonomy":"post_tag","embeddable":true,"href":"https:\/\/rugbyhospitalet.cat\/index.php\/wp-json\/wp\/v2\/tags?post=11823"}],"curies":[{"name":"wp","href":"https:\/\/api.w.org\/{rel}","templated":true}]}}