 {"id":10969,"date":"2018-10-24T09:48:15","date_gmt":"2018-10-24T08:48:15","guid":{"rendered":"http:\/\/rugbyhospitalet.cat\/?p=10969"},"modified":"2018-10-24T11:14:10","modified_gmt":"2018-10-24T10:14:10","slug":"la-nit-del-rugbi-catala-la-primera-de-moltes","status":"publish","type":"post","link":"https:\/\/rugbyhospitalet.cat\/index.php\/la-nit-del-rugbi-catala-la-primera-de-moltes\/","title":{"rendered":"La Nit del Rugbi Catal\u00e0, la primera de moltes"},"content":{"rendered":"<h4><em>La FCR va oferir divendres una espectacular gala en la primera Nit del Rugby Catal\u00e0<\/em><\/h4>\n<h5>La primera de moltes<\/h5>\n<p>L\u2019expectaci\u00f3 era gran\u00a0la nit de divendres, com en totes les primeres ocasions.\u00a0<strong>La Nit del Rugby Catal\u00e0 va celebrar la seva primera edici\u00f3 entre premis, jugadors, figures il\u00b7lustres de l\u2019ovalada catalana i un magn\u00edfic local, el CDM del Port F\u00f2rum.\u00a0<\/strong><\/p>\n<p>Jugadors, presidents, familiars, aficionats i \u00e0rbitres van sumar una assist\u00e8ncia de m\u00e9s de 200 persones, que van gaudir de la primera edici\u00f3 d\u2019una Nit del Rugby Catal\u00e0 que vol establir-se com una data fixa en el calendari del rugby catal\u00e0.<\/p>\n<p>La gala va comen\u00e7ar amb el discurs i benvinguda del president de la Federaci\u00f3 Catalana de Rugby (FCR), l\u2019Ignasi Planas, que va voler\u00a0<strong>arrencar amb un sentit homenatge als fills i dona de l\u2019H\u00e9ctor Massoni, malauradament traspassat aquest estiu.<\/strong><\/p>\n<h5>La cerim\u00f2nia<\/h5>\n<p><strong>La gala va continuar amb un anunci important\u00edssim: l\u2019acord entre La Xarxa i la FCR pel qual les televisions locals de Catalunya oferiran els\u00a0<em>playoffs<\/em>\u00a0de la Divisi\u00f3 d\u2019Honor Catalana masculina i fememina en directe per tot el pa\u00eds.<\/strong>\u00a0El Conseller Delegat de La Xarxa, en Francesc Pena, va dirigir-se a l\u2019audi\u00e8ncia del CDM amb un el\u00b7locuent discurs que va servir de tret de sortida per a l\u2019entrega de premis.<\/p>\n<p>En primer lloc, els campions de les diferents lligues de la passada temporada van pujar a l\u2019escenari per rebre\u00a0un\u00a0merescut aplaudiment per part del p\u00fablic. Aix\u00ed, Bar\u00e7a, Sant Cugat, Manresa \u201cB\u201d, Sitges \u201cB\u201d, Lleida,\u00a0<em>Senglars<\/em>, GEiEG i altra vegada el Sitges van gaudir de l\u2019ovaci\u00f3 dels assistents.<\/p>\n<p><strong>El plat fort de la jornada va ser per als premis individuals.<\/strong>\u00a0Arrencant amb els guardons que van decidir un jurat de la FCR, els diferents protagonistes van rebre a mans de varis personalitats del rugby catal\u00e0 (Albert Malo, Joan Losada, Pol Pla, Aroa Gonz\u00e1lez\u2026) un el\u00b7laborat trofeu que simbolitza el talent i m\u00e8rits pels quals van rebre el reconeixement.<\/p>\n<p>Aquests van\u00a0 ser els premiats:<\/p>\n<h6><strong>Premis Nit del Rugby Catal\u00e0<\/strong><\/h6>\n<ul>\n<li>Traject\u00f2ria a les banquetes \u2013 Jean-Luc Trogno<\/li>\n<li>Veter\u00e0 Il\u00b7lustre \u2013 Joan Sabater \u201cPati\u201d<\/li>\n<li>Jove Promesa (categoria femenina) \u2013 Anna Puig<\/li>\n<li>Jove Promesa (categoria masculina) \u2013 Felipe Alegr\u00eda<\/li>\n<li>Traject\u00f2ria esportiva (categoria femenina) \u2013 Aroa Gonz\u00e1lez<\/li>\n<li>Traject\u00f2ria esportiva (categoria masculina) \u2013 Gerard Mayol i Axel Serrano<\/li>\n<li>Millor Club temporada 2017\/18 \u2013 RC Sitges<\/li>\n<li><strong>Premi CARC<\/strong>\n<ul>\n<li>Millor \u00c0rbitre \u2013 Roger Parera<\/li>\n<\/ul>\n<\/li>\n<li><strong>Premis de l\u2019afici\u00f3<\/strong>\n<ul>\n<li>Millor Entrenador Lliga Kopparberg \u2013 Coral Vila i Mari\u00e0 Pasarello<\/li>\n<li>Millor Jugadora Lliga Kopparberg \u2013 Judith V\u00e9lez<\/li>\n<li>Millor Entrenador DHC Vueling \u2013 Pedro Castilla<\/li>\n<li>Millor Jugador DHC Vueling \u2013 Miguel Cachafeiro<\/li>\n<\/ul>\n<\/li>\n<\/ul>\n<p>Com a final de festa, els assistents van poder gaudir d\u2019un complet sopar i de les begudes corresponents en un ambient feli\u00e7 i c\u00e0lid que va permetre celebrar una nit espectacular.<\/p>\n<table>\n<tbody>\n<tr>\n<td>\n<p><div id=\"attachment_10970\" style=\"width: 289px\" class=\"wp-caption alignnone\"><a href=\"http:\/\/rugbyhospitalet.cat\/wp-content\/uploads\/2018\/10\/Aroa-Gonzalez-va-rebre-el-premi-a-tota-una-traject\u00f2ria.jpg\"><img loading=\"lazy\" decoding=\"async\" aria-describedby=\"caption-attachment-10970\" class=\" wp-image-10970\" src=\"http:\/\/rugbyhospitalet.cat\/wp-content\/uploads\/2018\/10\/Aroa-Gonzalez-va-rebre-el-premi-a-tota-una-traject\u00f2ria-1024x682.jpg\" alt=\"\" width=\"279\" height=\"186\" data-wp-pid=\"10970\" srcset=\"https:\/\/rugbyhospitalet.cat\/wp-content\/uploads\/2018\/10\/Aroa-Gonzalez-va-rebre-el-premi-a-tota-una-traject\u00f2ria-1024x682.jpg 1024w, https:\/\/rugbyhospitalet.cat\/wp-content\/uploads\/2018\/10\/Aroa-Gonzalez-va-rebre-el-premi-a-tota-una-traject\u00f2ria-300x200.jpg 300w, https:\/\/rugbyhospitalet.cat\/wp-content\/uploads\/2018\/10\/Aroa-Gonzalez-va-rebre-el-premi-a-tota-una-traject\u00f2ria-768x512.jpg 768w, https:\/\/rugbyhospitalet.cat\/wp-content\/uploads\/2018\/10\/Aroa-Gonzalez-va-rebre-el-premi-a-tota-una-traject\u00f2ria-800x533.jpg 800w, https:\/\/rugbyhospitalet.cat\/wp-content\/uploads\/2018\/10\/Aroa-Gonzalez-va-rebre-el-premi-a-tota-una-traject\u00f2ria-1200x800.jpg 1200w, https:\/\/rugbyhospitalet.cat\/wp-content\/uploads\/2018\/10\/Aroa-Gonzalez-va-rebre-el-premi-a-tota-una-traject\u00f2ria.jpg 1280w\" sizes=\"(max-width: 279px) 100vw, 279px\" \/><\/a><p id=\"caption-attachment-10970\" class=\"wp-caption-text\">Aroa Gonzalez va rebre el premi a tota una traject\u00f2ria<\/p><\/div><\/td>\n<td>\n<p><div id=\"attachment_10971\" style=\"width: 289px\" class=\"wp-caption alignnone\"><a href=\"http:\/\/rugbyhospitalet.cat\/wp-content\/uploads\/2018\/10\/El-Sitges-va-rebre-el-premi-a-millor-club-de-la-temporada-passada.jpg\"><img loading=\"lazy\" decoding=\"async\" aria-describedby=\"caption-attachment-10971\" class=\" wp-image-10971\" src=\"http:\/\/rugbyhospitalet.cat\/wp-content\/uploads\/2018\/10\/El-Sitges-va-rebre-el-premi-a-millor-club-de-la-temporada-passada-1024x682.jpg\" alt=\"\" width=\"279\" height=\"186\" data-wp-pid=\"10971\" srcset=\"https:\/\/rugbyhospitalet.cat\/wp-content\/uploads\/2018\/10\/El-Sitges-va-rebre-el-premi-a-millor-club-de-la-temporada-passada-1024x682.jpg 1024w, https:\/\/rugbyhospitalet.cat\/wp-content\/uploads\/2018\/10\/El-Sitges-va-rebre-el-premi-a-millor-club-de-la-temporada-passada-300x200.jpg 300w, https:\/\/rugbyhospitalet.cat\/wp-content\/uploads\/2018\/10\/El-Sitges-va-rebre-el-premi-a-millor-club-de-la-temporada-passada-768x512.jpg 768w, https:\/\/rugbyhospitalet.cat\/wp-content\/uploads\/2018\/10\/El-Sitges-va-rebre-el-premi-a-millor-club-de-la-temporada-passada-800x533.jpg 800w, https:\/\/rugbyhospitalet.cat\/wp-content\/uploads\/2018\/10\/El-Sitges-va-rebre-el-premi-a-millor-club-de-la-temporada-passada-1200x800.jpg 1200w, https:\/\/rugbyhospitalet.cat\/wp-content\/uploads\/2018\/10\/El-Sitges-va-rebre-el-premi-a-millor-club-de-la-temporada-passada.jpg 1280w\" sizes=\"(max-width: 279px) 100vw, 279px\" \/><\/a><p id=\"caption-attachment-10971\" class=\"wp-caption-text\">El Sitges va rebre el premi a millor club de la temporada passada<\/p><\/div><\/td>\n<\/tr>\n<tr>\n<td>\n<p><div id=\"attachment_10972\" style=\"width: 289px\" class=\"wp-caption alignnone\"><a href=\"http:\/\/rugbyhospitalet.cat\/wp-content\/uploads\/2018\/10\/Els-premiats-de-la-Nit-del-Rugby-Catal\u00e0.jpg\"><img loading=\"lazy\" decoding=\"async\" aria-describedby=\"caption-attachment-10972\" class=\" wp-image-10972\" src=\"http:\/\/rugbyhospitalet.cat\/wp-content\/uploads\/2018\/10\/Els-premiats-de-la-Nit-del-Rugby-Catal\u00e0-1024x682.jpg\" alt=\"\" width=\"279\" height=\"186\" data-wp-pid=\"10972\" srcset=\"https:\/\/rugbyhospitalet.cat\/wp-content\/uploads\/2018\/10\/Els-premiats-de-la-Nit-del-Rugby-Catal\u00e0-1024x682.jpg 1024w, https:\/\/rugbyhospitalet.cat\/wp-content\/uploads\/2018\/10\/Els-premiats-de-la-Nit-del-Rugby-Catal\u00e0-300x200.jpg 300w, https:\/\/rugbyhospitalet.cat\/wp-content\/uploads\/2018\/10\/Els-premiats-de-la-Nit-del-Rugby-Catal\u00e0-768x512.jpg 768w, https:\/\/rugbyhospitalet.cat\/wp-content\/uploads\/2018\/10\/Els-premiats-de-la-Nit-del-Rugby-Catal\u00e0-800x533.jpg 800w, https:\/\/rugbyhospitalet.cat\/wp-content\/uploads\/2018\/10\/Els-premiats-de-la-Nit-del-Rugby-Catal\u00e0-1200x800.jpg 1200w, https:\/\/rugbyhospitalet.cat\/wp-content\/uploads\/2018\/10\/Els-premiats-de-la-Nit-del-Rugby-Catal\u00e0.jpg 1280w\" sizes=\"(max-width: 279px) 100vw, 279px\" \/><\/a><p id=\"caption-attachment-10972\" class=\"wp-caption-text\">Els premiats de la Nit del Rugby Catal\u00e0<\/p><\/div><\/td>\n<td>\n<p><div id=\"attachment_10976\" style=\"width: 289px\" class=\"wp-caption alignnone\"><a href=\"http:\/\/rugbyhospitalet.cat\/wp-content\/uploads\/2018\/10\/La-sala-plena-a-vessar.jpg\"><img loading=\"lazy\" decoding=\"async\" aria-describedby=\"caption-attachment-10976\" class=\" wp-image-10976\" src=\"http:\/\/rugbyhospitalet.cat\/wp-content\/uploads\/2018\/10\/La-sala-plena-a-vessar-1024x682.jpg\" alt=\"\" width=\"279\" height=\"186\" data-wp-pid=\"10976\" srcset=\"https:\/\/rugbyhospitalet.cat\/wp-content\/uploads\/2018\/10\/La-sala-plena-a-vessar-1024x682.jpg 1024w, https:\/\/rugbyhospitalet.cat\/wp-content\/uploads\/2018\/10\/La-sala-plena-a-vessar-300x200.jpg 300w, https:\/\/rugbyhospitalet.cat\/wp-content\/uploads\/2018\/10\/La-sala-plena-a-vessar-768x512.jpg 768w, https:\/\/rugbyhospitalet.cat\/wp-content\/uploads\/2018\/10\/La-sala-plena-a-vessar-800x533.jpg 800w, https:\/\/rugbyhospitalet.cat\/wp-content\/uploads\/2018\/10\/La-sala-plena-a-vessar-1200x800.jpg 1200w, https:\/\/rugbyhospitalet.cat\/wp-content\/uploads\/2018\/10\/La-sala-plena-a-vessar.jpg 1280w\" sizes=\"(max-width: 279px) 100vw, 279px\" \/><\/a><p id=\"caption-attachment-10976\" class=\"wp-caption-text\">La sala, plena a vessar<\/p><\/div><\/td>\n<\/tr>\n<tr>\n<td>\n<p><div id=\"attachment_10973\" style=\"width: 289px\" class=\"wp-caption alignnone\"><a href=\"http:\/\/rugbyhospitalet.cat\/wp-content\/uploads\/2018\/10\/Felipe-Alegria-va-rebre-el-premi-de-Jove-Promesa-a-mans-de-Pol-Pla-i-Joan-Losada.jpg\"><img loading=\"lazy\" decoding=\"async\" aria-describedby=\"caption-attachment-10973\" class=\" wp-image-10973\" src=\"http:\/\/rugbyhospitalet.cat\/wp-content\/uploads\/2018\/10\/Felipe-Alegria-va-rebre-el-premi-de-Jove-Promesa-a-mans-de-Pol-Pla-i-Joan-Losada.jpg\" alt=\"\" width=\"279\" height=\"244\" data-wp-pid=\"10973\" srcset=\"https:\/\/rugbyhospitalet.cat\/wp-content\/uploads\/2018\/10\/Felipe-Alegria-va-rebre-el-premi-de-Jove-Promesa-a-mans-de-Pol-Pla-i-Joan-Losada.jpg 862w, https:\/\/rugbyhospitalet.cat\/wp-content\/uploads\/2018\/10\/Felipe-Alegria-va-rebre-el-premi-de-Jove-Promesa-a-mans-de-Pol-Pla-i-Joan-Losada-300x262.jpg 300w, https:\/\/rugbyhospitalet.cat\/wp-content\/uploads\/2018\/10\/Felipe-Alegria-va-rebre-el-premi-de-Jove-Promesa-a-mans-de-Pol-Pla-i-Joan-Losada-768x672.jpg 768w, https:\/\/rugbyhospitalet.cat\/wp-content\/uploads\/2018\/10\/Felipe-Alegria-va-rebre-el-premi-de-Jove-Promesa-a-mans-de-Pol-Pla-i-Joan-Losada-800x700.jpg 800w\" sizes=\"(max-width: 279px) 100vw, 279px\" \/><\/a><p id=\"caption-attachment-10973\" class=\"wp-caption-text\">Felipe Alegria va rebre el premi de Jove Promesa a mans de Pol Pla i Joan Losada<\/p><\/div><\/td>\n<td>\n<p><div id=\"attachment_10974\" style=\"width: 289px\" class=\"wp-caption alignnone\"><a href=\"http:\/\/rugbyhospitalet.cat\/wp-content\/uploads\/2018\/10\/Judith-Velez-MVP-de-la-Lliga-Kopparberg.jpg\"><img loading=\"lazy\" decoding=\"async\" aria-describedby=\"caption-attachment-10974\" class=\" wp-image-10974\" src=\"http:\/\/rugbyhospitalet.cat\/wp-content\/uploads\/2018\/10\/Judith-Velez-MVP-de-la-Lliga-Kopparberg.jpg\" alt=\"\" width=\"279\" height=\"274\" data-wp-pid=\"10974\" srcset=\"https:\/\/rugbyhospitalet.cat\/wp-content\/uploads\/2018\/10\/Judith-Velez-MVP-de-la-Lliga-Kopparberg.jpg 869w, https:\/\/rugbyhospitalet.cat\/wp-content\/uploads\/2018\/10\/Judith-Velez-MVP-de-la-Lliga-Kopparberg-300x294.jpg 300w, https:\/\/rugbyhospitalet.cat\/wp-content\/uploads\/2018\/10\/Judith-Velez-MVP-de-la-Lliga-Kopparberg-768x753.jpg 768w, https:\/\/rugbyhospitalet.cat\/wp-content\/uploads\/2018\/10\/Judith-Velez-MVP-de-la-Lliga-Kopparberg-800x784.jpg 800w\" sizes=\"(max-width: 279px) 100vw, 279px\" \/><\/a><p id=\"caption-attachment-10974\" class=\"wp-caption-text\">Judith Velez, MVP de la Lliga Kopparberg<\/p><\/div><\/td>\n<\/tr>\n<tr>\n<td>\n<p><div id=\"attachment_10977\" style=\"width: 289px\" class=\"wp-caption alignnone\"><a href=\"http:\/\/rugbyhospitalet.cat\/wp-content\/uploads\/2018\/10\/Mayol-Trogno-i-Serrano-protagonistes.jpg\"><img loading=\"lazy\" decoding=\"async\" aria-describedby=\"caption-attachment-10977\" class=\" wp-image-10977\" src=\"http:\/\/rugbyhospitalet.cat\/wp-content\/uploads\/2018\/10\/Mayol-Trogno-i-Serrano-protagonistes-1024x682.jpg\" alt=\"\" width=\"279\" height=\"186\" data-wp-pid=\"10977\" srcset=\"https:\/\/rugbyhospitalet.cat\/wp-content\/uploads\/2018\/10\/Mayol-Trogno-i-Serrano-protagonistes-1024x682.jpg 1024w, https:\/\/rugbyhospitalet.cat\/wp-content\/uploads\/2018\/10\/Mayol-Trogno-i-Serrano-protagonistes-300x200.jpg 300w, https:\/\/rugbyhospitalet.cat\/wp-content\/uploads\/2018\/10\/Mayol-Trogno-i-Serrano-protagonistes-768x512.jpg 768w, https:\/\/rugbyhospitalet.cat\/wp-content\/uploads\/2018\/10\/Mayol-Trogno-i-Serrano-protagonistes-800x533.jpg 800w, https:\/\/rugbyhospitalet.cat\/wp-content\/uploads\/2018\/10\/Mayol-Trogno-i-Serrano-protagonistes-1200x800.jpg 1200w, https:\/\/rugbyhospitalet.cat\/wp-content\/uploads\/2018\/10\/Mayol-Trogno-i-Serrano-protagonistes.jpg 1280w\" sizes=\"(max-width: 279px) 100vw, 279px\" \/><\/a><p id=\"caption-attachment-10977\" class=\"wp-caption-text\">Mayol, Trogno i Serrano, protagonistes<\/p><\/div><\/td>\n<td><\/td>\n<\/tr>\n<\/tbody>\n<\/table>\n<p>Fotos: Jaume Andreu<\/p>\n","protected":false},"excerpt":{"rendered":"<p>La FCR va oferir divendres una espectacular gala en la primera Nit del Rugby Catal\u00e0 La primera de moltes L\u2019expectaci\u00f3 era gran\u00a0la nit de divendres, com en totes les primeres [&hellip;]<\/p>\n","protected":false},"author":17,"featured_media":0,"comment_status":"open","ping_status":"open","sticky":false,"template":"","format":"standard","meta":{"_et_pb_use_builder":"","_et_pb_old_content":"","_et_gb_content_width":"","_exactmetrics_skip_tracking":false,"footnotes":""},"categories":[1],"tags":[],"class_list":["post-10969","post","type-post","status-publish","format-standard","hentry","category-uncategorized"],"yoast_head":"<!-- This site is optimized with the Yoast SEO plugin v28.4 - https:\/\/yoast.com\/product\/yoast-seo-wordpress\/ -->\n<title>La Nit del Rugbi Catal\u00e0, la primera de moltes &#183; Rugby Club L&#039;Hospitalet<\/title>\n<meta name=\"description\" content=\"Rugby Club L&#039;Hospitalet La Nit del Rugbi Catal\u00e0, la primera de moltes &#183; rugby hospitalet Domenec Rodr\u00edguez Aroa\" \/>\n<meta name=\"robots\" content=\"index, follow, max-snippet:-1, max-image-preview:large, max-video-preview:-1\" \/>\n<link rel=\"canonical\" href=\"https:\/\/rugbyhospitalet.cat\/index.php\/la-nit-del-rugbi-catala-la-primera-de-moltes\/\" \/>\n<script type=\"application\/ld+json\" class=\"yoast-schema-graph\">{\"@context\":\"https:\\\/\\\/schema.org\",\"@graph\":[{\"@type\":\"BreadcrumbList\",\"@id\":\"https:\\\/\\\/rugbyhospitalet.cat\\\/index.php\\\/la-nit-del-rugbi-catala-la-primera-de-moltes\\\/#breadcrumb\",\"itemListElement\":[{\"@type\":\"ListItem\",\"position\":1,\"name\":\"Inici\",\"item\":\"https:\\\/\\\/rugbyhospitalet.cat\\\/\"},{\"@type\":\"ListItem\",\"position\":2,\"name\":\"La Nit del Rugbi Catal\u00e0, la primera de moltes\"}]}]}<\/script>\n<!-- \/ Yoast SEO plugin. -->","yoast_head_json":{"title":"La Nit del Rugbi Catal\u00e0, la primera de moltes &#183; Rugby Club L&#039;Hospitalet","description":"Rugby Club L&#039;Hospitalet La Nit del Rugbi Catal\u00e0, la primera de moltes &#183; rugby hospitalet Domenec Rodr\u00edguez Aroa","robots":{"index":"index","follow":"follow","max-snippet":"max-snippet:-1","max-image-preview":"max-image-preview:large","max-video-preview":"max-video-preview:-1"},"canonical":"https:\/\/rugbyhospitalet.cat\/index.php\/la-nit-del-rugbi-catala-la-primera-de-moltes\/","schema":{"@context":"https:\/\/schema.org","@graph":[{"@type":"BreadcrumbList","@id":"https:\/\/rugbyhospitalet.cat\/index.php\/la-nit-del-rugbi-catala-la-primera-de-moltes\/#breadcrumb","itemListElement":[{"@type":"ListItem","position":1,"name":"Inici","item":"https:\/\/rugbyhospitalet.cat\/"},{"@type":"ListItem","position":2,"name":"La Nit del Rugbi Catal\u00e0, la primera de moltes"}]}]}},"_links":{"self":[{"href":"https:\/\/rugbyhospitalet.cat\/index.php\/wp-json\/wp\/v2\/posts\/10969","targetHints":{"allow":["GET"]}}],"collection":[{"href":"https:\/\/rugbyhospitalet.cat\/index.php\/wp-json\/wp\/v2\/posts"}],"about":[{"href":"https:\/\/rugbyhospitalet.cat\/index.php\/wp-json\/wp\/v2\/types\/post"}],"author":[{"embeddable":true,"href":"https:\/\/rugbyhospitalet.cat\/index.php\/wp-json\/wp\/v2\/users\/17"}],"replies":[{"embeddable":true,"href":"https:\/\/rugbyhospitalet.cat\/index.php\/wp-json\/wp\/v2\/comments?post=10969"}],"version-history":[{"count":4,"href":"https:\/\/rugbyhospitalet.cat\/index.php\/wp-json\/wp\/v2\/posts\/10969\/revisions"}],"predecessor-version":[{"id":10979,"href":"https:\/\/rugbyhospitalet.cat\/index.php\/wp-json\/wp\/v2\/posts\/10969\/revisions\/10979"}],"wp:attachment":[{"href":"https:\/\/rugbyhospitalet.cat\/index.php\/wp-json\/wp\/v2\/media?parent=10969"}],"wp:term":[{"taxonomy":"category","embeddable":true,"href":"https:\/\/rugbyhospitalet.cat\/index.php\/wp-json\/wp\/v2\/categories?post=10969"},{"taxonomy":"post_tag","embeddable":true,"href":"https:\/\/rugbyhospitalet.cat\/index.php\/wp-json\/wp\/v2\/tags?post=10969"}],"curies":[{"name":"wp","href":"https:\/\/api.w.org\/{rel}","templated":true}]}}